{"id":2048,"date":"2018-04-03T14:00:31","date_gmt":"2018-04-03T12:00:31","guid":{"rendered":"https:\/\/www.goettinger-knabenchor.de\/?p=2048"},"modified":"2018-04-10T16:16:20","modified_gmt":"2018-04-10T14:16:20","slug":"japan-2018-tag-20-03-04","status":"publish","type":"post","link":"https:\/\/www.goettinger-knabenchor.de\/?p=2048","title":{"rendered":"Japan 2018: Tag 20 (03.04.)"},"content":{"rendered":"<p><strong>So schnell k\u00f6nnen drei Wochen um sein: Wir treten die R\u00fcckreise an.<\/strong><!--more--><\/p>\n<h2>R\u00fcckreise<\/h2>\n<p>Der Morgen ist entspannt, denn wir k\u00f6nnen in Ruhe fr\u00fchst\u00fccken, bevor der Bus kommt. Und wer sagt es denn? Der Feier-Raum des gestrigen Abends (und sp\u00e4ter der Bus) wurden sauber hinterlassen!! Dann begleitet uns Taka noch mit dem Bus zum Flughafen. In der Halle darf er sich was w\u00fcnschen \u2013 und er w\u00fcnscht sich \u201eP\u00fcha\u201c, das Sanctus, das nicht nur sein Herz anger\u00fchrt hat. Hier in der Flughafenhalle wirkt das nat\u00fcrlich nicht ganz so wie in den Konzerten, aber daf\u00fcr wird es eigens f\u00fcr ihn gesungen! Wie zu erwarten war, waren gleich Polizisten zur Stelle, die das unterbinden wollten &#8211; aber der Gesang hat sie dann doch \u00fcberzeugt!<\/p>\n<p>Im Flugzeug haben eine Stewardess und ein Fluggast Geburtstag. Die Chefin der Crew gibt das per Durchsage bekannt, und dann singen unsere \u201eG\u00f6ttinger Chorknaben\u201c erst \u201eViel Gl\u00fcck und viel Segen\u201c und anschlie\u00dfend \u201eSweet dreams\u201c. Den beiden laufen die Tr\u00e4nen der R\u00fchrung herunter. Sicherlich haben sie noch nie einen so vollen Geburtstagschor bekommen!<\/p>\n<p>Nun beginnt der lange Flug&#8230;<\/p>\n<p>Streckenweise haben wir einen hervorragenden Blick auf die Eislandschaft. Die meiste Zeit jedoch fallen die Blicke auf die Bildschirme. Gegen Ende des Fluges lassen die Kr\u00e4fte nach (man muss ja bedenken, dass die vergangenen Wochen nicht nur anstrengend waren, sondern unser Tag auch inzwischen deutlich lang geworden ist, trotz des Sonnenscheins, der uns begleitet. Es hustet auf vielen Sitzen, und die Kopfschmerztabletten finden auch guten Absatz. Dennoch sind alle zufrieden und erwarten freudig ihre Familien. Insofern ist es ungl\u00fccklich, dass sich unser Bus in Frankfurt versp\u00e4tet. So kommen wir in G\u00f6ttingen erst um Mitternacht an. Kurz vor dem Eintreffen verabschiedet der Chorleiter seine S\u00e4nger, indem er ihr hohes Leistungsniveau hervorhebt. Hier am Sch\u00fctzenplatz erwarten uns die gl\u00fccklichen Eltern, die sogar noch kleine Geschenke f\u00fcr das Team dabei haben (ganz japanisch!!). Der Dank gilt aber auch umgekehrt: Das Team ist froh, dass die Eltern uns ihre so tollen S\u00f6hne anvertraut hatten. Jetzt bleibt uns nur, uns auf den Samstag zu freuen, und bis dahin ein wenig zu regenerieren.<\/p>\n<hr \/>\n<table>\n<tbody>\n<tr style=\"height: 150px;\">\n<td style=\"text-align: center; vertical-align: middle;\"><img loading=\"lazy\" decoding=\"async\" class=\"alignnone wp-image-1842\" src=\"https:\/\/www.goettinger-knabenchor.de\/wp-content\/uploads\/2018\/01\/Stadtwerke_Logo-300x101.png\" alt=\"\" width=\"200\" height=\"67\" srcset=\"https:\/\/www.goettinger-knabenchor.de\/wp-content\/uploads\/2018\/01\/Stadtwerke_Logo-300x101.png 300w, https:\/\/www.goettinger-knabenchor.de\/wp-content\/uploads\/2018\/01\/Stadtwerke_Logo-768x258.png 768w, https:\/\/www.goettinger-knabenchor.de\/wp-content\/uploads\/2018\/01\/Stadtwerke_Logo-1024x345.png 1024w, https:\/\/www.goettinger-knabenchor.de\/wp-content\/uploads\/2018\/01\/Stadtwerke_Logo.png 1969w\" sizes=\"auto, (max-width: 200px) 100vw, 200px\" \/><\/td>\n<td style=\"text-align: center; vertical-align: middle;\"><img loading=\"lazy\" decoding=\"async\" class=\"alignnone wp-image-1763\" src=\"https:\/\/www.goettinger-knabenchor.de\/wp-content\/uploads\/2017\/08\/JP18_Sponsoren_VestingPartner-300x90.jpg\" alt=\"\" width=\"232\" height=\"70\" srcset=\"https:\/\/www.goettinger-knabenchor.de\/wp-content\/uploads\/2017\/08\/JP18_Sponsoren_VestingPartner-300x90.jpg 300w, https:\/\/www.goettinger-knabenchor.de\/wp-content\/uploads\/2017\/08\/JP18_Sponsoren_VestingPartner-768x231.jpg 768w, https:\/\/www.goettinger-knabenchor.de\/wp-content\/uploads\/2017\/08\/JP18_Sponsoren_VestingPartner-1024x308.jpg 1024w, https:\/\/www.goettinger-knabenchor.de\/wp-content\/uploads\/2017\/08\/JP18_Sponsoren_VestingPartner.jpg 1101w\" sizes=\"auto, (max-width: 232px) 100vw, 232px\" \/><\/td>\n<\/tr>\n<tr style=\"height: 150px; border-color: #ffffff;\">\n<td style=\"text-align: center; vertical-align: middle;\"><img loading=\"lazy\" decoding=\"async\" class=\"alignnone wp-image-1667\" src=\"https:\/\/www.goettinger-knabenchor.de\/wp-content\/uploads\/2017\/01\/JP18_Sponsoren_BZW-300x37.jpg\" alt=\"\" width=\"246\" height=\"30\" srcset=\"https:\/\/www.goettinger-knabenchor.de\/wp-content\/uploads\/2017\/01\/JP18_Sponsoren_BZW-300x37.jpg 300w, https:\/\/www.goettinger-knabenchor.de\/wp-content\/uploads\/2017\/01\/JP18_Sponsoren_BZW-768x94.jpg 768w, https:\/\/www.goettinger-knabenchor.de\/wp-content\/uploads\/2017\/01\/JP18_Sponsoren_BZW-1024x125.jpg 1024w\" sizes=\"auto, (max-width: 246px) 100vw, 246px\" \/><\/td>\n<td style=\"text-align: center; vertical-align: middle;\"><img loading=\"lazy\" decoding=\"async\" class=\"alignnone wp-image-1871\" src=\"https:\/\/www.goettinger-knabenchor.de\/wp-content\/uploads\/2018\/02\/Sponsoren_Proffen-300x214.png\" alt=\"\" width=\"180\" height=\"129\" srcset=\"https:\/\/www.goettinger-knabenchor.de\/wp-content\/uploads\/2018\/02\/Sponsoren_Proffen-300x214.png 300w, https:\/\/www.goettinger-knabenchor.de\/wp-content\/uploads\/2018\/02\/Sponsoren_Proffen-768x548.png 768w, https:\/\/www.goettinger-knabenchor.de\/wp-content\/uploads\/2018\/02\/Sponsoren_Proffen.png 1001w\" sizes=\"auto, (max-width: 180px) 100vw, 180px\" \/><\/td>\n<\/tr>\n<\/tbody>\n<\/table>\n","protected":false},"excerpt":{"rendered":"<p>So schnell k\u00f6nnen drei Wochen um sein: Wir treten die R\u00fcckreise an.<\/p>\n","protected":false},"author":1,"featured_media":0,"comment_status":"closed","ping_status":"open","sticky":false,"template":"","format":"standard","meta":{"footnotes":""},"categories":[51,7],"tags":[55,50,26,68],"class_list":["post-2048","post","type-post","status-publish","format-standard","hentry","category-konzertreise-2018","category-reisen","tag-japan-2018","tag-konzertreise-2018","tag-reise","tag-reisebericht"],"_links":{"self":[{"href":"https:\/\/www.goettinger-knabenchor.de\/index.php?rest_route=\/wp\/v2\/posts\/2048","targetHints":{"allow":["GET"]}}],"collection":[{"href":"https:\/\/www.goettinger-knabenchor.de\/index.php?rest_route=\/wp\/v2\/posts"}],"about":[{"href":"https:\/\/www.goettinger-knabenchor.de\/index.php?rest_route=\/wp\/v2\/types\/post"}],"author":[{"embeddable":true,"href":"https:\/\/www.goettinger-knabenchor.de\/index.php?rest_route=\/wp\/v2\/users\/1"}],"replies":[{"embeddable":true,"href":"https:\/\/www.goettinger-knabenchor.de\/index.php?rest_route=%2Fwp%2Fv2%2Fcomments&post=2048"}],"version-history":[{"count":2,"href":"https:\/\/www.goettinger-knabenchor.de\/index.php?rest_route=\/wp\/v2\/posts\/2048\/revisions"}],"predecessor-version":[{"id":2079,"href":"https:\/\/www.goettinger-knabenchor.de\/index.php?rest_route=\/wp\/v2\/posts\/2048\/revisions\/2079"}],"wp:attachment":[{"href":"https:\/\/www.goettinger-knabenchor.de\/index.php?rest_route=%2Fwp%2Fv2%2Fmedia&parent=2048"}],"wp:term":[{"taxonomy":"category","embeddable":true,"href":"https:\/\/www.goettinger-knabenchor.de\/index.php?rest_route=%2Fwp%2Fv2%2Fcategories&post=2048"},{"taxonomy":"post_tag","embeddable":true,"href":"https:\/\/www.goettinger-knabenchor.de\/index.php?rest_route=%2Fwp%2Fv2%2Ftags&post=2048"}],"curies":[{"name":"wp","href":"https:\/\/api.w.org\/{rel}","templated":true}]}}