{"id":5405,"date":"2026-03-31T14:12:04","date_gmt":"2026-03-31T12:12:04","guid":{"rendered":"https:\/\/www.goettinger-knabenchor.de\/?p=5405"},"modified":"2026-03-31T14:12:04","modified_gmt":"2026-03-31T12:12:04","slug":"finnland-2026-tag-10-29-03","status":"publish","type":"post","link":"https:\/\/www.goettinger-knabenchor.de\/?p=5405","title":{"rendered":"Finnland 2026 &#8211; Tag 10 (29.03.)"},"content":{"rendered":"\n<p><em>Von Oscar und Arthur<\/em><\/p>\n\n\n\n<p>Der heutige Tag beginnt schon fr\u00fch und musikalisch. Wir treffen uns trotz Zeitumstellung um 9 Uhr in der Kathedrale von Oulu. Wir d\u00fcrfen dort den Palmsonntagsgottesdienst um 10 Uhr musikalisch mitgestalten. Dieser wurde live gestreamt, sodass auch unsere Familien in G\u00f6ttingen die M\u00f6glichkeit hatten, uns zuzuh\u00f6ren.<\/p>\n\n\n\n<figure class=\"wp-block-image aligncenter size-large is-resized\"><img loading=\"lazy\" decoding=\"async\" width=\"2376\" height=\"1584\" src=\"https:\/\/www.goettinger-knabenchor.de\/wp-content\/uploads\/2026\/03\/DSC00876-edited.jpg\" alt=\"\" class=\"wp-image-5407\" style=\"width:500px\" srcset=\"https:\/\/www.goettinger-knabenchor.de\/wp-content\/uploads\/2026\/03\/DSC00876-edited.jpg 2376w, https:\/\/www.goettinger-knabenchor.de\/wp-content\/uploads\/2026\/03\/DSC00876-edited-300x200.jpg 300w, https:\/\/www.goettinger-knabenchor.de\/wp-content\/uploads\/2026\/03\/DSC00876-edited-1024x683.jpg 1024w, https:\/\/www.goettinger-knabenchor.de\/wp-content\/uploads\/2026\/03\/DSC00876-edited-768x512.jpg 768w, https:\/\/www.goettinger-knabenchor.de\/wp-content\/uploads\/2026\/03\/DSC00876-edited-1536x1024.jpg 1536w, https:\/\/www.goettinger-knabenchor.de\/wp-content\/uploads\/2026\/03\/DSC00876-edited-2048x1365.jpg 2048w\" sizes=\"auto, (max-width: 2376px) 100vw, 2376px\" \/><figcaption class=\"wp-element-caption\">Gottesdienst in Oulu<\/figcaption><\/figure>\n\n\n\n<p>Nach dem Gottesdienst halten wir eine kurze Stellprobe f\u00fcr unser eigenes Programm im Konzert am Montag. Anschlie\u00dfend geht es ins YMCA-Haus, wo wir zu Mittag essen. Nach dem Essen steht &#8211; wie gestern schon &#8211; eine Erkundung von Oulu und der Ausstellungen im Rahmen der Kulturhauptstadt Europas in verschiedenen Gruppen an. Um 16 Uhr treffen wir uns dann zum Pre-Dinner wieder im YMCA-Haus und proben mit den drei \u00f6rtlichen Ch\u00f6ren f\u00fcr die Tuttist\u00fccke am Montag. Zwischendurch wird das YMCA-Haus nat\u00fcrlich immer wieder auch zum Tischtennis oder Karten spielen genutzt.<\/p>\n\n\n\n<p>Nach der Workshopprobe geht es dann auch schon wieder zur\u00fcck in die Familien.<\/p>\n","protected":false},"excerpt":{"rendered":"<p>Wir singen heute im live gestreamten Palmsonntagsgottesdienst in Oulu. Anschlie\u00dfend erkunden wir Europas Kulturhauptstadt 2026 weiter und proben f\u00fcr das Konzert am Montag.<\/p>\n","protected":false},"author":10,"featured_media":0,"comment_status":"closed","ping_status":"open","sticky":false,"template":"","format":"standard","meta":{"footnotes":""},"categories":[166,7],"tags":[167,136,175],"class_list":["post-5405","post","type-post","status-publish","format-standard","hentry","category-konzertreise-2026","category-reisen","tag-finnland","tag-konzertreise","tag-oulu"],"_links":{"self":[{"href":"https:\/\/www.goettinger-knabenchor.de\/index.php?rest_route=\/wp\/v2\/posts\/5405","targetHints":{"allow":["GET"]}}],"collection":[{"href":"https:\/\/www.goettinger-knabenchor.de\/index.php?rest_route=\/wp\/v2\/posts"}],"about":[{"href":"https:\/\/www.goettinger-knabenchor.de\/index.php?rest_route=\/wp\/v2\/types\/post"}],"author":[{"embeddable":true,"href":"https:\/\/www.goettinger-knabenchor.de\/index.php?rest_route=\/wp\/v2\/users\/10"}],"replies":[{"embeddable":true,"href":"https:\/\/www.goettinger-knabenchor.de\/index.php?rest_route=%2Fwp%2Fv2%2Fcomments&post=5405"}],"version-history":[{"count":1,"href":"https:\/\/www.goettinger-knabenchor.de\/index.php?rest_route=\/wp\/v2\/posts\/5405\/revisions"}],"predecessor-version":[{"id":5408,"href":"https:\/\/www.goettinger-knabenchor.de\/index.php?rest_route=\/wp\/v2\/posts\/5405\/revisions\/5408"}],"wp:attachment":[{"href":"https:\/\/www.goettinger-knabenchor.de\/index.php?rest_route=%2Fwp%2Fv2%2Fmedia&parent=5405"}],"wp:term":[{"taxonomy":"category","embeddable":true,"href":"https:\/\/www.goettinger-knabenchor.de\/index.php?rest_route=%2Fwp%2Fv2%2Fcategories&post=5405"},{"taxonomy":"post_tag","embeddable":true,"href":"https:\/\/www.goettinger-knabenchor.de\/index.php?rest_route=%2Fwp%2Fv2%2Ftags&post=5405"}],"curies":[{"name":"wp","href":"https:\/\/api.w.org\/{rel}","templated":true}]}}