{"id":5433,"date":"2026-04-03T18:00:00","date_gmt":"2026-04-03T16:00:00","guid":{"rendered":"https:\/\/www.goettinger-knabenchor.de\/?p=5433"},"modified":"2026-04-04T11:49:02","modified_gmt":"2026-04-04T09:49:02","slug":"artikel-goettinger-knabenchor-begeistert-nach-finnland-reise-konzert-in-der-marienkirche","status":"publish","type":"post","link":"https:\/\/www.goettinger-knabenchor.de\/?p=5433","title":{"rendered":"Artikel: &#8222;G\u00f6ttinger Knabenchor begeistert nach Finnland-Reise: Konzert in der Marienkirche&#8220;"},"content":{"rendered":"\n<blockquote class=\"wp-block-quote is-layout-flow wp-block-quote-is-layout-flow\">\n<p>&#8222;Frisch aus Finnland zur\u00fcck, beeindruckte der G\u00f6ttinger Knabenchor in der Marienkirche mit einem vielseitigen Repertoire. Trotz gesundheitlicherHerausforderungen lieferten die S\u00e4nger eine bemerkenswerte Performance.&#8220;<\/p>\n<\/blockquote>\n\n\n\n<!--more-->\n\n\n\n<figure class=\"wp-block-table is-style-tw-border-h-inner\"><table><tbody><tr><td>Thema<\/td><td>Reiseabschlusskonuzert am 02.04.2026<\/td><\/tr><tr><td>Datum<\/td><td>03.04.2026<\/td><\/tr><tr><td>Medium<\/td><td>G\u00f6ttinger Tageblatt<\/td><\/tr><\/tbody><\/table><\/figure>\n\n\n\n<div data-wp-interactive=\"core\/file\" class=\"wp-block-file\"><object data-wp-bind--hidden=\"!state.hasPdfPreview\" hidden class=\"wp-block-file__embed\" data=\"https:\/\/www.goettinger-knabenchor.de\/wp-content\/uploads\/2026\/04\/GT-26-04-03.pdf\" type=\"application\/pdf\" style=\"width:100%;height:600px\" aria-label=\"Einbettung von G\u00f6ttinger Tageblatt vom 03.04.2026.\"><\/object><a id=\"wp-block-file--media-3e12bcfc-d792-49a2-9b3c-7b4c6f0f9119\" href=\"https:\/\/www.goettinger-knabenchor.de\/wp-content\/uploads\/2026\/04\/GT-26-04-03.pdf\">G\u00f6ttinger Tageblatt vom 03.04.2026<\/a><a href=\"https:\/\/www.goettinger-knabenchor.de\/wp-content\/uploads\/2026\/04\/GT-26-04-03.pdf\" class=\"wp-block-file__button wp-element-button\" download aria-describedby=\"wp-block-file--media-3e12bcfc-d792-49a2-9b3c-7b4c6f0f9119\">Herunterladen<\/a><\/div>\n\n\n\n<p>Dieser Artikel erschien online und ist <a href=\"https:\/\/www.goettinger-tageblatt.de\/kultur\/regional\/goettinger-knabenchor-begeistert-nach-finnland-reise-konzert-in-der-marienkirche-L5RLXCC43NEKPFEYQMS7HES3YY.html\" target=\"_blank\" rel=\"noreferrer noopener\">hier<\/a> abrufbar.<\/p>\n","protected":false},"excerpt":{"rendered":"<p>&#8222;\u00dcberw\u00e4ltigend war der Applaus mit Standing Ovations f\u00fcr die \u201eG\u00f6ttinger Christvesper\u201c in St. Jacobi, pr\u00e4sentiert vom G\u00f6ttinger Knabenchor und der Kammersymphonie Hannover. &#8218;Danke sch\u00f6n, es ist so gro\u00dfartig&#8216;, brachte eine Besucherin auf den Punkt, was viele von den rund 750 Menschen f\u00fchlten. Nach diesem Konzert kann es Weihnachten werden.&#8220;<\/p>\n","protected":false},"author":1,"featured_media":0,"comment_status":"closed","ping_status":"open","sticky":false,"template":"","format":"standard","meta":{"footnotes":""},"categories":[8,4],"tags":[23,168,31,61],"class_list":["post-5433","post","type-post","status-publish","format-standard","hentry","category-konzerte","category-pressespiegel","tag-konzert","tag-konzertreise-2026","tag-onlineartikel","tag-weihnachtskonzert"],"_links":{"self":[{"href":"https:\/\/www.goettinger-knabenchor.de\/index.php?rest_route=\/wp\/v2\/posts\/5433","targetHints":{"allow":["GET"]}}],"collection":[{"href":"https:\/\/www.goettinger-knabenchor.de\/index.php?rest_route=\/wp\/v2\/posts"}],"about":[{"href":"https:\/\/www.goettinger-knabenchor.de\/index.php?rest_route=\/wp\/v2\/types\/post"}],"author":[{"embeddable":true,"href":"https:\/\/www.goettinger-knabenchor.de\/index.php?rest_route=\/wp\/v2\/users\/1"}],"replies":[{"embeddable":true,"href":"https:\/\/www.goettinger-knabenchor.de\/index.php?rest_route=%2Fwp%2Fv2%2Fcomments&post=5433"}],"version-history":[{"count":1,"href":"https:\/\/www.goettinger-knabenchor.de\/index.php?rest_route=\/wp\/v2\/posts\/5433\/revisions"}],"predecessor-version":[{"id":5435,"href":"https:\/\/www.goettinger-knabenchor.de\/index.php?rest_route=\/wp\/v2\/posts\/5433\/revisions\/5435"}],"wp:attachment":[{"href":"https:\/\/www.goettinger-knabenchor.de\/index.php?rest_route=%2Fwp%2Fv2%2Fmedia&parent=5433"}],"wp:term":[{"taxonomy":"category","embeddable":true,"href":"https:\/\/www.goettinger-knabenchor.de\/index.php?rest_route=%2Fwp%2Fv2%2Fcategories&post=5433"},{"taxonomy":"post_tag","embeddable":true,"href":"https:\/\/www.goettinger-knabenchor.de\/index.php?rest_route=%2Fwp%2Fv2%2Ftags&post=5433"}],"curies":[{"name":"wp","href":"https:\/\/api.w.org\/{rel}","templated":true}]}}